{"id":14396,"date":"2026-01-20T10:25:42","date_gmt":"2026-01-20T09:25:42","guid":{"rendered":"https:\/\/stjocouffe.fr\/?p=14396"},"modified":"2026-01-20T10:25:42","modified_gmt":"2026-01-20T09:25:42","slug":"exposition-au-mat","status":"publish","type":"post","link":"https:\/\/stjocouffe.fr\/?p=14396","title":{"rendered":"Exposition au MAT"},"content":{"rendered":"<p>Nous avons pris le car pour nous rendre au MAT, \u00e0 la chapelle des Ursulines \u00e0 Ancenis pour d\u00e9couvrir l&rsquo;exposition : \u00a0\u00bb L&rsquo;haleine de la rivi\u00e8re \u00ab\u00a0.<\/p>\n<div>Nous avons d\u00e9couvert les \u0153uvres de plusieurs artistes avec des techniques diff\u00e9rentes comme l&rsquo;aquarelle.&nbsp; C&rsquo;\u00e9tait une premi\u00e8re pour chacun des \u00e9l\u00e8ves qui d\u00e9couvrait le lieu d&rsquo;art contemporain. <a href=\"https:\/\/stjocouffe.fr\/wp-content\/uploads\/2026\/01\/003.20251013140749-scaled.jpg\"><img loading=\"lazy\" decoding=\"async\" class=\"alignnone size-medium wp-image-14397\" src=\"https:\/\/stjocouffe.fr\/wp-content\/uploads\/2026\/01\/003.20251013140749-225x300.jpg\" alt=\"\" width=\"225\" height=\"300\" srcset=\"https:\/\/stjocouffe.fr\/wp-content\/uploads\/2026\/01\/003.20251013140749-225x300.jpg 225w, https:\/\/stjocouffe.fr\/wp-content\/uploads\/2026\/01\/003.20251013140749-768x1024.jpg 768w, https:\/\/stjocouffe.fr\/wp-content\/uploads\/2026\/01\/003.20251013140749-1152x1536.jpg 1152w, https:\/\/stjocouffe.fr\/wp-content\/uploads\/2026\/01\/003.20251013140749-1536x2048.jpg 1536w, https:\/\/stjocouffe.fr\/wp-content\/uploads\/2026\/01\/003.20251013140749-1024x1366.jpg 1024w, https:\/\/stjocouffe.fr\/wp-content\/uploads\/2026\/01\/003.20251013140749-810x1080.jpg 810w, https:\/\/stjocouffe.fr\/wp-content\/uploads\/2026\/01\/003.20251013140749-scaled.jpg 1920w\" sizes=\"auto, (max-width: 225px) 100vw, 225px\" \/><\/a> <a href=\"https:\/\/stjocouffe.fr\/wp-content\/uploads\/2026\/01\/007.20251013144440-scaled.jpg\"><img loading=\"lazy\" decoding=\"async\" class=\"alignnone size-medium wp-image-14398\" src=\"https:\/\/stjocouffe.fr\/wp-content\/uploads\/2026\/01\/007.20251013144440-225x300.jpg\" alt=\"\" width=\"225\" height=\"300\" srcset=\"https:\/\/stjocouffe.fr\/wp-content\/uploads\/2026\/01\/007.20251013144440-225x300.jpg 225w, https:\/\/stjocouffe.fr\/wp-content\/uploads\/2026\/01\/007.20251013144440-768x1024.jpg 768w, https:\/\/stjocouffe.fr\/wp-content\/uploads\/2026\/01\/007.20251013144440-1152x1536.jpg 1152w, https:\/\/stjocouffe.fr\/wp-content\/uploads\/2026\/01\/007.20251013144440-1536x2048.jpg 1536w, https:\/\/stjocouffe.fr\/wp-content\/uploads\/2026\/01\/007.20251013144440-1024x1366.jpg 1024w, https:\/\/stjocouffe.fr\/wp-content\/uploads\/2026\/01\/007.20251013144440-810x1080.jpg 810w, https:\/\/stjocouffe.fr\/wp-content\/uploads\/2026\/01\/007.20251013144440-scaled.jpg 1920w\" sizes=\"auto, (max-width: 225px) 100vw, 225px\" \/><\/a><\/div>\n","protected":false},"excerpt":{"rendered":"<p>Nous avons pris le car pour nous rendre au MAT, \u00e0 la chapelle des Ursulines \u00e0 Ancenis pour d\u00e9couvrir l&rsquo;exposition : \u00a0\u00bb L&rsquo;haleine de la rivi\u00e8re \u00ab\u00a0. Nous avons d\u00e9couvert les \u0153uvres de plusieurs artistes avec des techniques diff\u00e9rentes comme l&rsquo;aquarelle.&nbsp; C&rsquo;\u00e9tait une premi\u00e8re pour chacun des \u00e9l\u00e8ves qui d\u00e9couvrait le lieu d&rsquo;art contemporain.<\/p>\n","protected":false},"author":5,"featured_media":14399,"comment_status":"closed","ping_status":"closed","sticky":false,"template":"","format":"standard","meta":{"ngg_post_thumbnail":0,"footnotes":""},"categories":[18],"tags":[],"class_list":["post-14396","post","type-post","status-publish","format-standard","has-post-thumbnail","hentry","category-cpce1"],"jetpack_featured_media_url":"https:\/\/stjocouffe.fr\/wp-content\/uploads\/2026\/01\/004.20251013142447-scaled.jpg","_links":{"self":[{"href":"https:\/\/stjocouffe.fr\/index.php?rest_route=\/wp\/v2\/posts\/14396","targetHints":{"allow":["GET"]}}],"collection":[{"href":"https:\/\/stjocouffe.fr\/index.php?rest_route=\/wp\/v2\/posts"}],"about":[{"href":"https:\/\/stjocouffe.fr\/index.php?rest_route=\/wp\/v2\/types\/post"}],"author":[{"embeddable":true,"href":"https:\/\/stjocouffe.fr\/index.php?rest_route=\/wp\/v2\/users\/5"}],"replies":[{"embeddable":true,"href":"https:\/\/stjocouffe.fr\/index.php?rest_route=%2Fwp%2Fv2%2Fcomments&post=14396"}],"version-history":[{"count":1,"href":"https:\/\/stjocouffe.fr\/index.php?rest_route=\/wp\/v2\/posts\/14396\/revisions"}],"predecessor-version":[{"id":14400,"href":"https:\/\/stjocouffe.fr\/index.php?rest_route=\/wp\/v2\/posts\/14396\/revisions\/14400"}],"wp:featuredmedia":[{"embeddable":true,"href":"https:\/\/stjocouffe.fr\/index.php?rest_route=\/wp\/v2\/media\/14399"}],"wp:attachment":[{"href":"https:\/\/stjocouffe.fr\/index.php?rest_route=%2Fwp%2Fv2%2Fmedia&parent=14396"}],"wp:term":[{"taxonomy":"category","embeddable":true,"href":"https:\/\/stjocouffe.fr\/index.php?rest_route=%2Fwp%2Fv2%2Fcategories&post=14396"},{"taxonomy":"post_tag","embeddable":true,"href":"https:\/\/stjocouffe.fr\/index.php?rest_route=%2Fwp%2Fv2%2Ftags&post=14396"}],"curies":[{"name":"wp","href":"https:\/\/api.w.org\/{rel}","templated":true}]}}