{"id":14388,"date":"2026-01-20T10:14:35","date_gmt":"2026-01-20T09:14:35","guid":{"rendered":"https:\/\/stjocouffe.fr\/?p=14388"},"modified":"2026-01-20T10:27:06","modified_gmt":"2026-01-20T09:27:06","slug":"larbre-de-noel-jouons-ensemble","status":"publish","type":"post","link":"https:\/\/stjocouffe.fr\/?p=14388","title":{"rendered":"L&rsquo;Arbre de No\u00ebl &#8211; Jouons ensemble !"},"content":{"rendered":"<p>Vendredi 12 d\u00e9cembre a eu lieu l&rsquo;arbre de No\u00ebl de l&rsquo;\u00e9cole. Cette soir\u00e9e r\u00e9ussie, co-organis\u00e9e par l&rsquo;\u00e9quipe et l&rsquo;APE s&rsquo;est d\u00e9roul\u00e9e sous le signe de la convivialit\u00e9 !!! Petit montage photos pour l&rsquo;occasion&#8230;. (Cr\u00e9\u00e9e par Nelly S. &#8211; Application Capcut &#8211; Musique : Walking around the Christmas tree &#8211; Brenda Lee)<\/p>\n<div style=\"width: 720px;\" class=\"wp-video\"><video class=\"wp-video-shortcode\" id=\"video-14388-1\" width=\"720\" height=\"1280\" preload=\"metadata\" controls=\"controls\"><source type=\"video\/mp4\" src=\"https:\/\/stjocouffe.fr\/wp-content\/uploads\/2026\/01\/Videos-Arbre-de-Noel.mp4?_=1\" \/><a href=\"https:\/\/stjocouffe.fr\/wp-content\/uploads\/2026\/01\/Videos-Arbre-de-Noel.mp4\">https:\/\/stjocouffe.fr\/wp-content\/uploads\/2026\/01\/Videos-Arbre-de-Noel.mp4<\/a><\/video><\/div>\n","protected":false},"excerpt":{"rendered":"<p>Vendredi 12 d\u00e9cembre a eu lieu l&rsquo;arbre de No\u00ebl de l&rsquo;\u00e9cole. Cette soir\u00e9e r\u00e9ussie, co-organis\u00e9e par l&rsquo;\u00e9quipe et l&rsquo;APE s&rsquo;est d\u00e9roul\u00e9e sous le signe de la convivialit\u00e9 !!! Petit montage photos pour l&rsquo;occasion&#8230;. (Cr\u00e9\u00e9e par Nelly S. &#8211; Application Capcut &#8211; Musique : Walking around the Christmas tree &#8211; Brenda Lee)<\/p>\n","protected":false},"author":5,"featured_media":14304,"comment_status":"closed","ping_status":"closed","sticky":false,"template":"","format":"standard","meta":{"ngg_post_thumbnail":0,"footnotes":""},"categories":[23],"tags":[],"class_list":["post-14388","post","type-post","status-publish","format-standard","has-post-thumbnail","hentry","category-notre-vie-commune"],"jetpack_featured_media_url":"https:\/\/stjocouffe.fr\/wp-content\/uploads\/2025\/12\/Affiche-Marche-De-Noel-Avec-Un-Arbre-de-Noel-Traditionnel-Classique-Noir-Dore-Creme.png","_links":{"self":[{"href":"https:\/\/stjocouffe.fr\/index.php?rest_route=\/wp\/v2\/posts\/14388","targetHints":{"allow":["GET"]}}],"collection":[{"href":"https:\/\/stjocouffe.fr\/index.php?rest_route=\/wp\/v2\/posts"}],"about":[{"href":"https:\/\/stjocouffe.fr\/index.php?rest_route=\/wp\/v2\/types\/post"}],"author":[{"embeddable":true,"href":"https:\/\/stjocouffe.fr\/index.php?rest_route=\/wp\/v2\/users\/5"}],"replies":[{"embeddable":true,"href":"https:\/\/stjocouffe.fr\/index.php?rest_route=%2Fwp%2Fv2%2Fcomments&post=14388"}],"version-history":[{"count":3,"href":"https:\/\/stjocouffe.fr\/index.php?rest_route=\/wp\/v2\/posts\/14388\/revisions"}],"predecessor-version":[{"id":14401,"href":"https:\/\/stjocouffe.fr\/index.php?rest_route=\/wp\/v2\/posts\/14388\/revisions\/14401"}],"wp:featuredmedia":[{"embeddable":true,"href":"https:\/\/stjocouffe.fr\/index.php?rest_route=\/wp\/v2\/media\/14304"}],"wp:attachment":[{"href":"https:\/\/stjocouffe.fr\/index.php?rest_route=%2Fwp%2Fv2%2Fmedia&parent=14388"}],"wp:term":[{"taxonomy":"category","embeddable":true,"href":"https:\/\/stjocouffe.fr\/index.php?rest_route=%2Fwp%2Fv2%2Fcategories&post=14388"},{"taxonomy":"post_tag","embeddable":true,"href":"https:\/\/stjocouffe.fr\/index.php?rest_route=%2Fwp%2Fv2%2Ftags&post=14388"}],"curies":[{"name":"wp","href":"https:\/\/api.w.org\/{rel}","templated":true}]}}