{"id":14310,"date":"2025-12-08T23:09:55","date_gmt":"2025-12-08T22:09:55","guid":{"rendered":"https:\/\/stjocouffe.fr\/?p=14310"},"modified":"2025-12-08T23:09:55","modified_gmt":"2025-12-08T22:09:55","slug":"ecole-du-dehors-premiere-sortie-de-lannee","status":"publish","type":"post","link":"https:\/\/stjocouffe.fr\/?p=14310","title":{"rendered":"Ecole du dehors &#8211; premi\u00e8re sortie de l&rsquo;ann\u00e9e"},"content":{"rendered":"<p>Pendant trois semaines, tous les jeudis, les \u00e9l\u00e8ves de CM1.CM2 sont all\u00e9s au stade de la Roche pour vivre un moment d&rsquo;\u00e9cole du dehors. Au programme, probl\u00e8me de logique et num\u00e9ration\/fraction : comparer et repr\u00e9senter. Il y a eu aussi une s\u00e9ance de fran\u00e7ais, pour d\u00e9finir les \u00e9l\u00e9ments du groupe nominal.&nbsp;<\/p>\n<p>En temps libre les activit\u00e9s se d\u00e9veloppent : cabanes et \u00e9changes de bons proc\u00e9d\u00e9s font le plaisir de tous mais aujourd\u2019hui cr\u00e9ation d\u2019un magasin de bois, paiement par gland ouvert jusqu\u2019\u00e0 11h !<\/p>\n<p>D&rsquo;autres s\u00e9ances auront lieu \u00e0 chaque p\u00e9riode, deux \u00e0 trois semaines \u00e0 la suite.&nbsp;<\/p>\n<p><a href=\"https:\/\/stjocouffe.fr\/wp-content\/uploads\/2025\/12\/002.IMG3682.jpeg\"><img loading=\"lazy\" decoding=\"async\" class=\"alignnone size-medium wp-image-14311\" src=\"https:\/\/stjocouffe.fr\/wp-content\/uploads\/2025\/12\/002.IMG3682-300x225.jpeg\" alt=\"\" width=\"300\" height=\"225\" srcset=\"https:\/\/stjocouffe.fr\/wp-content\/uploads\/2025\/12\/002.IMG3682-300x225.jpeg 300w, https:\/\/stjocouffe.fr\/wp-content\/uploads\/2025\/12\/002.IMG3682-1024x768.jpeg 1024w, https:\/\/stjocouffe.fr\/wp-content\/uploads\/2025\/12\/002.IMG3682-768x576.jpeg 768w, https:\/\/stjocouffe.fr\/wp-content\/uploads\/2025\/12\/002.IMG3682-1536x1152.jpeg 1536w, https:\/\/stjocouffe.fr\/wp-content\/uploads\/2025\/12\/002.IMG3682-1440x1080.jpeg 1440w, https:\/\/stjocouffe.fr\/wp-content\/uploads\/2025\/12\/002.IMG3682.jpeg 2000w\" sizes=\"auto, (max-width: 300px) 100vw, 300px\" \/><\/a><\/p>\n","protected":false},"excerpt":{"rendered":"<p>Pendant trois semaines, tous les jeudis, les \u00e9l\u00e8ves de CM1.CM2 sont all\u00e9s au stade de la Roche pour vivre un moment d&rsquo;\u00e9cole du dehors. Au programme, probl\u00e8me de logique et num\u00e9ration\/fraction : comparer et repr\u00e9senter. Il y a eu aussi une s\u00e9ance de fran\u00e7ais, pour d\u00e9finir les \u00e9l\u00e9ments du groupe nominal.&nbsp; En temps libre les&hellip; <br \/> <a class=\"read-more\" href=\"https:\/\/stjocouffe.fr\/?p=14310\">Lire la suite<\/a><\/p>\n","protected":false},"author":5,"featured_media":14312,"comment_status":"closed","ping_status":"closed","sticky":false,"template":"","format":"standard","meta":{"ngg_post_thumbnail":0,"footnotes":""},"categories":[21],"tags":[],"class_list":["post-14310","post","type-post","status-publish","format-standard","has-post-thumbnail","hentry","category-cm2"],"jetpack_featured_media_url":"https:\/\/stjocouffe.fr\/wp-content\/uploads\/2025\/12\/001.IMG3683-scaled.jpeg","_links":{"self":[{"href":"https:\/\/stjocouffe.fr\/index.php?rest_route=\/wp\/v2\/posts\/14310","targetHints":{"allow":["GET"]}}],"collection":[{"href":"https:\/\/stjocouffe.fr\/index.php?rest_route=\/wp\/v2\/posts"}],"about":[{"href":"https:\/\/stjocouffe.fr\/index.php?rest_route=\/wp\/v2\/types\/post"}],"author":[{"embeddable":true,"href":"https:\/\/stjocouffe.fr\/index.php?rest_route=\/wp\/v2\/users\/5"}],"replies":[{"embeddable":true,"href":"https:\/\/stjocouffe.fr\/index.php?rest_route=%2Fwp%2Fv2%2Fcomments&post=14310"}],"version-history":[{"count":1,"href":"https:\/\/stjocouffe.fr\/index.php?rest_route=\/wp\/v2\/posts\/14310\/revisions"}],"predecessor-version":[{"id":14313,"href":"https:\/\/stjocouffe.fr\/index.php?rest_route=\/wp\/v2\/posts\/14310\/revisions\/14313"}],"wp:featuredmedia":[{"embeddable":true,"href":"https:\/\/stjocouffe.fr\/index.php?rest_route=\/wp\/v2\/media\/14312"}],"wp:attachment":[{"href":"https:\/\/stjocouffe.fr\/index.php?rest_route=%2Fwp%2Fv2%2Fmedia&parent=14310"}],"wp:term":[{"taxonomy":"category","embeddable":true,"href":"https:\/\/stjocouffe.fr\/index.php?rest_route=%2Fwp%2Fv2%2Fcategories&post=14310"},{"taxonomy":"post_tag","embeddable":true,"href":"https:\/\/stjocouffe.fr\/index.php?rest_route=%2Fwp%2Fv2%2Ftags&post=14310"}],"curies":[{"name":"wp","href":"https:\/\/api.w.org\/{rel}","templated":true}]}}