{"id":14280,"date":"2025-11-05T12:14:06","date_gmt":"2025-11-05T11:14:06","guid":{"rendered":"https:\/\/stjocouffe.fr\/?p=14280"},"modified":"2025-11-05T12:15:37","modified_gmt":"2025-11-05T11:15:37","slug":"atelier-multi-ages-periode-1","status":"publish","type":"post","link":"https:\/\/stjocouffe.fr\/?p=14280","title":{"rendered":"Atelier multi-\u00e2ges &#8211; p\u00e9riode 1"},"content":{"rendered":"<p>Pl\u00e9biscit\u00e9 l&rsquo;ann\u00e9e derni\u00e8re, le retour des ateliers multi-\u00e2ges \u00e9tait attendu par les \u00e9l\u00e8ves comme un grand \u00e9v\u00e8nement.&nbsp;<\/p>\n<p>Cette ann\u00e9e au programme:<\/p>\n<ul>\n<li>Atelier cuisine chez Ang\u00e9lique (PS\/MS)<\/li>\n<li>Atelier cr\u00e9atif chez Nathalie (GS\/CP) avec les monstres pompoms<\/li>\n<li>Atelier marionnettes chez Charl\u00e8ne et Nelly (CP\/CE1)<\/li>\n<li>Atelier construction avec les Kapla chez M.COUEDEL (CE2\/CM1)<\/li>\n<li>Atelier musical chez Madeline (CM1\/CM2).&nbsp;<\/li>\n<\/ul>\n<p>En apr\u00e8s-midi les \u00e9l\u00e8ves ont pu go\u00fbter les sabl\u00e9s sal\u00e9s tout en montrant les cr\u00e9ations du jour.<\/p>\n<p>ngg_shortcode_0_placeholderVoici en images quelques extraits.&nbsp;<\/p>\n","protected":false},"excerpt":{"rendered":"<p>Pl\u00e9biscit\u00e9 l&rsquo;ann\u00e9e derni\u00e8re, le retour des ateliers multi-\u00e2ges \u00e9tait attendu par les \u00e9l\u00e8ves comme un grand \u00e9v\u00e8nement.&nbsp; Cette ann\u00e9e au programme: Atelier cuisine chez Ang\u00e9lique (PS\/MS) Atelier cr\u00e9atif chez Nathalie (GS\/CP) avec les monstres pompoms Atelier marionnettes chez Charl\u00e8ne et Nelly (CP\/CE1) Atelier construction avec les Kapla chez M.COUEDEL (CE2\/CM1) Atelier musical chez Madeline (CM1\/CM2).&nbsp;&hellip; <br \/> <a class=\"read-more\" href=\"https:\/\/stjocouffe.fr\/?p=14280\">Lire la suite<\/a><\/p>\n","protected":false},"author":5,"featured_media":14292,"comment_status":"closed","ping_status":"closed","sticky":false,"template":"","format":"standard","meta":{"ngg_post_thumbnail":0,"footnotes":""},"categories":[23],"tags":[],"class_list":["post-14280","post","type-post","status-publish","format-standard","has-post-thumbnail","hentry","category-notre-vie-commune"],"jetpack_featured_media_url":"https:\/\/stjocouffe.fr\/wp-content\/uploads\/2025\/11\/1760784490866-scaled.jpg","_links":{"self":[{"href":"https:\/\/stjocouffe.fr\/index.php?rest_route=\/wp\/v2\/posts\/14280","targetHints":{"allow":["GET"]}}],"collection":[{"href":"https:\/\/stjocouffe.fr\/index.php?rest_route=\/wp\/v2\/posts"}],"about":[{"href":"https:\/\/stjocouffe.fr\/index.php?rest_route=\/wp\/v2\/types\/post"}],"author":[{"embeddable":true,"href":"https:\/\/stjocouffe.fr\/index.php?rest_route=\/wp\/v2\/users\/5"}],"replies":[{"embeddable":true,"href":"https:\/\/stjocouffe.fr\/index.php?rest_route=%2Fwp%2Fv2%2Fcomments&post=14280"}],"version-history":[{"count":1,"href":"https:\/\/stjocouffe.fr\/index.php?rest_route=\/wp\/v2\/posts\/14280\/revisions"}],"predecessor-version":[{"id":14291,"href":"https:\/\/stjocouffe.fr\/index.php?rest_route=\/wp\/v2\/posts\/14280\/revisions\/14291"}],"wp:featuredmedia":[{"embeddable":true,"href":"https:\/\/stjocouffe.fr\/index.php?rest_route=\/wp\/v2\/media\/14292"}],"wp:attachment":[{"href":"https:\/\/stjocouffe.fr\/index.php?rest_route=%2Fwp%2Fv2%2Fmedia&parent=14280"}],"wp:term":[{"taxonomy":"category","embeddable":true,"href":"https:\/\/stjocouffe.fr\/index.php?rest_route=%2Fwp%2Fv2%2Fcategories&post=14280"},{"taxonomy":"post_tag","embeddable":true,"href":"https:\/\/stjocouffe.fr\/index.php?rest_route=%2Fwp%2Fv2%2Ftags&post=14280"}],"curies":[{"name":"wp","href":"https:\/\/api.w.org\/{rel}","templated":true}]}}